{"id":2375,"date":"2023-08-03T18:21:37","date_gmt":"2023-08-03T18:21:37","guid":{"rendered":"https:\/\/www.meteorititalia.org\/?p=2375"},"modified":"2023-08-04T08:38:10","modified_gmt":"2023-08-04T08:38:10","slug":"4-barcis-meteorite-festival","status":"publish","type":"post","link":"https:\/\/mail.meteorititalia.org\/?p=2375","title":{"rendered":"4\u00b0 BARCIS Meteorite Festival (26 &#8211; 27 agosto 2023)"},"content":{"rendered":"\t\t<div data-elementor-type=\"wp-post\" data-elementor-id=\"2375\" class=\"elementor elementor-2375\" data-elementor-post-type=\"post\">\n\t\t\t\t\t\t<div class=\"elementor-inner\">\n\t\t\t\t<div class=\"elementor-section-wrap\">\n\t\t\t\t\t\t\t\t\t<section class=\"elementor-section elementor-top-section elementor-element elementor-element-0ea2038 elementor-section-boxed elementor-section-height-default elementor-section-height-default wpr-particle-no wpr-jarallax-no wpr-parallax-no wpr-sticky-section-no\" data-id=\"0ea2038\" data-element_type=\"section\">\n\t\t\t\t\t\t<div class=\"elementor-container elementor-column-gap-default\">\n\t\t\t\t\t\t\t<div class=\"elementor-row\">\n\t\t\t\t\t<div class=\"elementor-column elementor-col-100 elementor-top-column elementor-element elementor-element-b0b5613\" data-id=\"b0b5613\" data-element_type=\"column\">\n\t\t\t<div class=\"elementor-column-wrap elementor-element-populated\">\n\t\t\t\t\t\t\t<div class=\"elementor-widget-wrap\">\n\t\t\t\t\t\t<div class=\"elementor-element elementor-element-57143bc elementor-widget elementor-widget-heading\" data-id=\"57143bc\" data-element_type=\"widget\" data-widget_type=\"heading.default\">\n\t\t\t\t<div class=\"elementor-widget-container\">\n\t\t\t<h2 class=\"elementor-heading-title elementor-size-default\">4\u00b0 BARCIS Meteorite Festival (26 - 27 agosto 2023)<\/h2>\t\t<\/div>\n\t\t\t\t<\/div>\n\t\t\t\t<div class=\"elementor-element elementor-element-796f328 elementor-widget elementor-widget-text-editor\" data-id=\"796f328\" data-element_type=\"widget\" data-widget_type=\"text-editor.default\">\n\t\t\t\t<div class=\"elementor-widget-container\">\n\t\t\t\t\t\t\t\t<div class=\"elementor-text-editor elementor-clearfix\">\n\t\t\t\t<p class=\"p1\">Sabato 26 e domenica 27 agosto si terr\u00e0 a Barcis (PN) il 4\u00b0 BARCIS Meteorite Festival.<br \/>Anche se il nome \u00e8 diverso si tratta sempre dello stesso tipo di manifestazione iniziata nel 2018 con il nome di 1\u00aaMostra Mercato METEORITi, sospesa nel 2020 per 2 anni causa Covid-19 e ripresa, anche se con molta incertezza, l\u2019anno scorso.<br \/>Fortunatamente l\u2019edizione dello scorso anno, pur dopo 2 anni di fermo, \u00e8 stata un grande successo di partecipazione sia per numero di espositori che per numero di visitatori.<br \/>Per questi numeri positivi e per gli esiti di un sondaggio sul gradimento della manifestazione abbiamo deciso di continuare con questa iniziativa.<br \/>Il Covid per\u00f2, tra i vari danni, ha anche inaridito le casse di chi sponsorizzava le nostre iniziative e adesso gran parte delle spese organizzative gravano direttamente su Meteoriti Italia APS.<br \/>Anche il Comune di Barcis, nostro indispensabile sostenitore, ha dovuto adeguarsi alle nuove realt\u00e0 del dopo Covid rinunciando alla gestione di spazi che in precedenza ci aveva concesso per la realizzazione della mostra.<br \/>Comunque, nonostante queste difficolt\u00e0, andiamo avanti.<br \/>L\u2019edizione di quest\u2019anno sar\u00e0 la pi\u00f9 importante di quelle che abbiamo organizzato e, per renderlo chiaro a tutti, ne abbiamo cambiato il nome in: 4\u00b0 BARCIS Meteorite Festival.<br \/>Per facilitare la presenza di alcuni espositori con figli in et\u00e0 scolastica o con altri impegni nei primi giorni di settembre si \u00e8 deciso di anticipare l\u2019evento all\u2019ultimo fine settimana di agosto consentendo cos\u00ec di aumentare il numero di espositori italiani che quest\u2019anno saranno presenti a Barcis.<br \/>Il successo della manifestazione dell\u2019anno scorso ha varcato anche i confini nazionali e cos\u00ec quest\u2019anno avremo anche una pi\u00f9 ricca rappresentanza di espositori stranieri.<br \/>Il numero degli espositori<span class=\"Apple-converted-space\">\u00a0 <\/span>di meteoriti quest\u2019anno \u00e8 tale che da soli occuperanno tutto lo spazio disponibile della Terrazza di Palazzo Centi condizione che purtroppo ci far\u00e0 forzatamente rinunciare <span class=\"Apple-converted-space\">\u00a0 <\/span>alla presenza della ditta \u201cDetector Center\u201d<span class=\"Apple-converted-space\">\u00a0 <\/span>di Cervia, con la quale collaboriamo per<span class=\"Apple-converted-space\">\u00a0 <\/span>le ricerche<span class=\"Apple-converted-space\">\u00a0 <\/span>sul campo ed alla presenza di Massimo e Laura Roncati , due amici che avrebbero proposto ai collezionisti una vasta selezione di microscopi , di attrezzature per analizzare<span class=\"Apple-converted-space\">\u00a0 <\/span>le rocce<span class=\"Apple-converted-space\">\u00a0 <\/span>e di<span class=\"Apple-converted-space\">\u00a0 <\/span>articoli per collezionisti<span class=\"Apple-converted-space\">\u00a0 <\/span>di rocce e meteoriti.<br \/>Queste rinunce sono state dolorose ma, se anche quest\u2019anno la manifestazione avr\u00e0 successo, per il prossimo 5\u00b0 BARCIS Meteorite Festival si dovr\u00e0 disporre di maggiori spazi espositivi cos\u00ec che anche queste importanti figure per lo sviluppo della Meteoritica possano avere la giusta attenzione.<br \/><span style=\"font-size: 1rem;\">Grazie alla nostra collaborazione con l\u2019INAF, anche quest\u2019anno sar\u00e0 presente il Dott. Daniele Gardiol, responsabile del progetto PRISMA che illustrer\u00e0 l\u2019ultimo successo della nostra rete nazionale di monitoraggio dei Cieli che ha permesso il ritrovamento di una seconda nuova meteorite italiana.<br \/><\/span>Naturalmente ci saremo anche noi di Meteoriti Italia che oltre a gestire l\u2019organizzazione del 4\u00b0 BARCIS Meteorite Festival allestiremo una piccola mostra per ricordare i 70 anni dal ritrovamento della meteorite \u201cBarcis\u201d e per illustrare anche le ricerche che abbiamo svolto negli ultimi anni per cercare altri campioni di questa importante pallasite.<br \/>Entrambi questi punti erano irrinunciabili nell\u2019organizzazione dell\u2019evento e dobbiamo ringraziare il Comune di Barcis che oltre alla sempre apprezzatissima ed indispensabile collaborazione \u00e8 andato oltre permettendoci di allestire queste due iniziative della mostra nella Biblioteca del palazzo Centi adiacente alla Terrazza con gli espositori di meteoriti.<br \/>Sar\u00e0 una edizione da record; il 26 e 27 agosto la Terrazza di Palazzo Centi sar\u00e0 il luogo d\u2019Italia con il pi\u00f9 alto numero di meteoriti esposte al pubblico, una occasione imperdibile per tutti quelli che si interessano di meteoriti ed anche per chi, fino ad ora, non si \u00e8 mai interessato.<br \/>Si sottolinea che, nonostante le attuali ristrettezze economiche, l\u2019ingresso \u00e8 mantenuto libero in quanto il nostro scopo principale \u00e8 quello di far conoscere le meteoriti.<br \/>Vi alleghiamo la locandina della manifestazione pregandovi di pubblicizzare l\u2019evento con tutti quelli che pensate possano essere interessati.<br \/>Noi abbiamo lavorato affinch\u00e9 il 4\u00b0 BARCIS Meteorite Festival sia un evento imperdibile e adesso chiediamo a tutti voi di darsi da fare per far arrivare a Barcis un numero di visitatori da record.<br \/>Anche quest\u2019anno si terr\u00e0 un sondaggio sui partecipanti e pi\u00f9 il numero dei visitatori sar\u00e0 alto e pi\u00f9 sar\u00e0 facile sponsorizzare le future edizioni<\/p><p class=\"p1\">GRAZIE<\/p>\t\t\t\t\t<\/div>\n\t\t\t\t\t\t<\/div>\n\t\t\t\t<\/div>\n\t\t\t\t<div class=\"elementor-element elementor-element-f89e9e0 elementor-widget elementor-widget-image\" data-id=\"f89e9e0\" data-element_type=\"widget\" data-widget_type=\"image.default\">\n\t\t\t\t<div class=\"elementor-widget-container\">\n\t\t\t\t\t\t\t\t<div class=\"elementor-image\">\n\t\t\t\t\t\t\t\t\t\t\t\t<img decoding=\"async\" width=\"688\" height=\"947\" src=\"https:\/\/mail.meteorititalia.org\/wp-content\/uploads\/2023\/08\/Anteprima-21-06.png\" class=\"attachment-1536x1536 size-1536x1536 wp-image-2377\" alt=\"\" loading=\"lazy\" srcset=\"https:\/\/mail.meteorititalia.org\/wp-content\/uploads\/2023\/08\/Anteprima-21-06.png 688w, https:\/\/mail.meteorititalia.org\/wp-content\/uploads\/2023\/08\/Anteprima-21-06-218x300.png 218w\" sizes=\"100vw\" \/>\t\t\t\t\t\t\t\t\t\t\t\t\t\t<\/div>\n\t\t\t\t\t\t<\/div>\n\t\t\t\t<\/div>\n\t\t\t\t\t\t<\/div>\n\t\t\t\t\t<\/div>\n\t\t<\/div>\n\t\t\t\t\t\t\t\t<\/div>\n\t\t\t\t\t<\/div>\n\t\t<\/section>\n\t\t\t\t\t\t\t\t\t<\/div>\n\t\t\t<\/div>\n\t\t\t\t\t<\/div>\n\t\t","protected":false},"excerpt":{"rendered":"<p>4\u00b0 BARCIS Meteorite Festival (26 &#8211; 27 agosto 2023) Sabato 26 e domenica 27 agosto si terr\u00e0 a Barcis (PN) il 4\u00b0 BARCIS Meteorite Festival.Anche se il nome \u00e8 diverso si tratta sempre dello stesso tipo di manifestazione iniziata nel 2018 con il nome di 1\u00aaMostra Mercato METEORITi, sospesa nel 2020 per 2 anni causa &hellip; <\/p>\n<p class=\"link-more\"><a href=\"https:\/\/mail.meteorititalia.org\/?p=2375\" class=\"more-link\">Leggi tutto<span class=\"screen-reader-text\"> &#8220;4\u00b0 BARCIS Meteorite Festival (26 &#8211; 27 agosto 2023)&#8221;<\/span><\/a><\/p>\n","protected":false},"author":6,"featured_media":0,"comment_status":"open","ping_status":"open","sticky":false,"template":"elementor_header_footer","format":"standard","meta":[],"categories":[10],"tags":[],"_links":{"self":[{"href":"https:\/\/mail.meteorititalia.org\/index.php?rest_route=\/wp\/v2\/posts\/2375"}],"collection":[{"href":"https:\/\/mail.meteorititalia.org\/index.php?rest_route=\/wp\/v2\/posts"}],"about":[{"href":"https:\/\/mail.meteorititalia.org\/index.php?rest_route=\/wp\/v2\/types\/post"}],"author":[{"embeddable":true,"href":"https:\/\/mail.meteorititalia.org\/index.php?rest_route=\/wp\/v2\/users\/6"}],"replies":[{"embeddable":true,"href":"https:\/\/mail.meteorititalia.org\/index.php?rest_route=%2Fwp%2Fv2%2Fcomments&post=2375"}],"version-history":[{"count":11,"href":"https:\/\/mail.meteorititalia.org\/index.php?rest_route=\/wp\/v2\/posts\/2375\/revisions"}],"predecessor-version":[{"id":2388,"href":"https:\/\/mail.meteorititalia.org\/index.php?rest_route=\/wp\/v2\/posts\/2375\/revisions\/2388"}],"wp:attachment":[{"href":"https:\/\/mail.meteorititalia.org\/index.php?rest_route=%2Fwp%2Fv2%2Fmedia&parent=2375"}],"wp:term":[{"taxonomy":"category","embeddable":true,"href":"https:\/\/mail.meteorititalia.org\/index.php?rest_route=%2Fwp%2Fv2%2Fcategories&post=2375"},{"taxonomy":"post_tag","embeddable":true,"href":"https:\/\/mail.meteorititalia.org\/index.php?rest_route=%2Fwp%2Fv2%2Ftags&post=2375"}],"curies":[{"name":"wp","href":"https:\/\/api.w.org\/{rel}","templated":true}]}}